{"id":44267,"date":"2026-04-29T07:07:28","date_gmt":"2026-04-29T05:07:28","guid":{"rendered":"https:\/\/damenhandball.tsv-birkenau.de\/?p=44267"},"modified":"2026-04-29T07:08:29","modified_gmt":"2026-04-29T05:08:29","slug":"grosse-freude-bei-den-vizemeisterinnen","status":"publish","type":"post","link":"https:\/\/damenhandball.tsv-birkenau.de\/index.php\/archives\/44267","title":{"rendered":"Gro\u00dfe Freude bei den Vizemeisterinnen"},"content":{"rendered":"\n<figure class=\"wp-block-image size-large\"><a href=\"https:\/\/damenhandball.tsv-birkenau.de\/wp-content\/upload\/Ehrung-Vize-D-Jugend-25.04.26-266.jpg\"><img loading=\"lazy\" decoding=\"async\" width=\"1024\" height=\"453\" src=\"https:\/\/damenhandball.tsv-birkenau.de\/wp-content\/upload\/Ehrung-Vize-D-Jugend-25.04.26-266-1024x453.jpg\" alt=\"\" class=\"wp-image-44265\" srcset=\"https:\/\/damenhandball.tsv-birkenau.de\/wp-content\/upload\/Ehrung-Vize-D-Jugend-25.04.26-266-1024x453.jpg 1024w, https:\/\/damenhandball.tsv-birkenau.de\/wp-content\/upload\/Ehrung-Vize-D-Jugend-25.04.26-266-300x133.jpg 300w, https:\/\/damenhandball.tsv-birkenau.de\/wp-content\/upload\/Ehrung-Vize-D-Jugend-25.04.26-266-768x340.jpg 768w, https:\/\/damenhandball.tsv-birkenau.de\/wp-content\/upload\/Ehrung-Vize-D-Jugend-25.04.26-266-1536x679.jpg 1536w, https:\/\/damenhandball.tsv-birkenau.de\/wp-content\/upload\/Ehrung-Vize-D-Jugend-25.04.26-266.jpg 1800w\" sizes=\"auto, (max-width: 1024px) 100vw, 1024px\" \/><\/a><\/figure>\n\n\n\n<p>Beim letzten Heimspiel der TSV Damen bekam die wD-Jugend eine gro\u00dfe B\u00fchne.<\/p>\n\n\n\n<!--more-->\n\n\n\n<p>Am Samstag, den 25.04., sicherten sich die Damen des TSV Birkenau mit ihrem Spiel gegen SG Muggensturm\/Kuppenheim vorzeitig die Vizemeisterschaft in der Oberliga und bedankten sich anschlie\u00dfend bei ihren Fans f\u00fcr die Unterst\u00fctzung.<\/p>\n\n\n\n<p>Im Mittelpunkt des Abends stand jedoch auch der Nachwuchs: Die wD-Jugend wurde f\u00fcr ihre starke Saison und den Vizemeistertitel in der Bezirksoberliga geehrt. Unter gro\u00dfem Applaus wurden die jungen Spielerinnen auf das Spielfeld gebeten, wo sie von den Damen pers\u00f6nlich begl\u00fcckw\u00fcnscht wurden. Als kleine Anerkennung \u00fcberreichten die Damen den M\u00e4dels jeweils eine T\u00fcte Gummib\u00e4rchen und Kinogutscheine.<\/p>\n\n\n\n<figure class=\"wp-block-image size-large\"><a href=\"https:\/\/damenhandball.tsv-birkenau.de\/wp-content\/upload\/Ehrung-Vize-D-Jugend-25.04.26-40.jpg\"><img loading=\"lazy\" decoding=\"async\" width=\"1024\" height=\"682\" src=\"https:\/\/damenhandball.tsv-birkenau.de\/wp-content\/upload\/Ehrung-Vize-D-Jugend-25.04.26-40-1024x682.jpg\" alt=\"\" class=\"wp-image-44266\" srcset=\"https:\/\/damenhandball.tsv-birkenau.de\/wp-content\/upload\/Ehrung-Vize-D-Jugend-25.04.26-40-1024x682.jpg 1024w, https:\/\/damenhandball.tsv-birkenau.de\/wp-content\/upload\/Ehrung-Vize-D-Jugend-25.04.26-40-300x200.jpg 300w, https:\/\/damenhandball.tsv-birkenau.de\/wp-content\/upload\/Ehrung-Vize-D-Jugend-25.04.26-40-768x512.jpg 768w, https:\/\/damenhandball.tsv-birkenau.de\/wp-content\/upload\/Ehrung-Vize-D-Jugend-25.04.26-40-1536x1023.jpg 1536w, https:\/\/damenhandball.tsv-birkenau.de\/wp-content\/upload\/Ehrung-Vize-D-Jugend-25.04.26-40-930x620.jpg 930w, https:\/\/damenhandball.tsv-birkenau.de\/wp-content\/upload\/Ehrung-Vize-D-Jugend-25.04.26-40.jpg 1800w\" sizes=\"auto, (max-width: 1024px) 100vw, 1024px\" \/><\/a><\/figure>\n\n\n\n<p>Geehrt wurden: Mila Martin-Keskin, Ida Ligus, Carlchen Bletzer, Lena Losert, Maya Riebel, Linn Fremr, Magda Klos, Mia Hofmann, Marie Denger, Marie Hummel, Leea Schmidt, Nele Reinhardt, Elena Martin-Keskin, Franzi Beyerlein, Vivi Singelmann, Josi Klos, Melina Kolb, Hannah Schr\u00f6der.<\/p>\n\n\n\n<p>Die Freude bei der wD war deutlich zu sp\u00fcren \u2013 strahlende Gesichter und viel Applaus aus dem Publikum machte diesen Moment zu etwas ganz Besonderem \u2013 und vielleicht geht\u2019s ja bald gemeinsam mit den Trainerinnen Susanne Knogler und Susanne Thun-Falter ins Kino \ud83d\ude09<\/p>\n\n\n\n<p>(Bericht: S. Thun-Falter, Bilder: A. Etzel)<\/p>\n","protected":false},"excerpt":{"rendered":"<p>Beim letzten Heimspiel der TSV Damen bekam die wD-Jugend eine gro\u00dfe B\u00fchne.<\/p>\n","protected":false},"author":20,"featured_media":0,"comment_status":"closed","ping_status":"closed","sticky":false,"template":"","format":"standard","meta":{"neve_meta_sidebar":"","neve_meta_container":"","neve_meta_enable_content_width":"","neve_meta_content_width":0,"neve_meta_title_alignment":"","neve_meta_author_avatar":"","neve_post_elements_order":"","neve_meta_disable_header":"","neve_meta_disable_footer":"","neve_meta_disable_title":"","ngg_post_thumbnail":0,"footnotes":""},"categories":[27],"tags":[],"class_list":["post-44267","post","type-post","status-publish","format-standard","hentry","category-d-jugend-2"],"_links":{"self":[{"href":"https:\/\/damenhandball.tsv-birkenau.de\/index.php\/wp-json\/wp\/v2\/posts\/44267","targetHints":{"allow":["GET"]}}],"collection":[{"href":"https:\/\/damenhandball.tsv-birkenau.de\/index.php\/wp-json\/wp\/v2\/posts"}],"about":[{"href":"https:\/\/damenhandball.tsv-birkenau.de\/index.php\/wp-json\/wp\/v2\/types\/post"}],"author":[{"embeddable":true,"href":"https:\/\/damenhandball.tsv-birkenau.de\/index.php\/wp-json\/wp\/v2\/users\/20"}],"replies":[{"embeddable":true,"href":"https:\/\/damenhandball.tsv-birkenau.de\/index.php\/wp-json\/wp\/v2\/comments?post=44267"}],"version-history":[{"count":2,"href":"https:\/\/damenhandball.tsv-birkenau.de\/index.php\/wp-json\/wp\/v2\/posts\/44267\/revisions"}],"predecessor-version":[{"id":44269,"href":"https:\/\/damenhandball.tsv-birkenau.de\/index.php\/wp-json\/wp\/v2\/posts\/44267\/revisions\/44269"}],"wp:attachment":[{"href":"https:\/\/damenhandball.tsv-birkenau.de\/index.php\/wp-json\/wp\/v2\/media?parent=44267"}],"wp:term":[{"taxonomy":"category","embeddable":true,"href":"https:\/\/damenhandball.tsv-birkenau.de\/index.php\/wp-json\/wp\/v2\/categories?post=44267"},{"taxonomy":"post_tag","embeddable":true,"href":"https:\/\/damenhandball.tsv-birkenau.de\/index.php\/wp-json\/wp\/v2\/tags?post=44267"}],"curies":[{"name":"wp","href":"https:\/\/api.w.org\/{rel}","templated":true}]}}