{"id":20381,"date":"2014-03-04T18:00:14","date_gmt":"2014-03-04T17:00:14","guid":{"rendered":"http:\/\/w-jugend.tsv-birkenau.de\/?p=20381"},"modified":"2014-03-04T18:01:26","modified_gmt":"2014-03-04T17:01:26","slug":"paula-muller-und-danijela-rajic-fahren-zur-dhb-sichtung-nach-ruit","status":"publish","type":"post","link":"https:\/\/damenhandball.tsv-birkenau.de\/index.php\/archives\/20381","title":{"rendered":"Paula M\u00fcller und Danijela Rajic zur DHB-Sichtung nach Ruit eingeladen&#8230;"},"content":{"rendered":"<p><img loading=\"lazy\" decoding=\"async\" style=\"border: 1px solid black;\" alt=\"DHB_Logo\" src=\"http:\/\/w-jugend.tsv-birkenau.de\/wp-content\/upload\/DHB_Logo.jpg\" width=\"400\" height=\"191\" \/><\/p>\n<p>Vom 07.-09. M\u00e4rz findet die Sichtung des DHBs f\u00fcr die weiblichen Auswahlteams des Jahrgangs 1999 mit den s\u00fcdlichen Landesverb\u00e4nden statt. Auch der Badische Handballverband nimmt an den Sichtungsma\u00dfnahmen in der Sportschule in Ruit teil.<!--more--><\/p>\n<p><img loading=\"lazy\" decoding=\"async\" alt=\"Paula M\u00fcller\" src=\"http:\/\/w-jugend.tsv-birkenau.de\/wp-content\/upload\/CJ_SG-Leu-Paula1.png\" width=\"400\" height=\"223\" \/><\/p>\n<p>Unter Beobachtung der DHB-Sichter stehen dabei auch die beiden TSV-Spielerinnen Paula M\u00fcller und Danijela Rajic. Paula spielt bereits von Kindesbeinen an beim TSV und wird dort auf der links-Au\u00dfen- wie auch halb-Linken Position eingesetzt.<\/p>\n<p><img loading=\"lazy\" decoding=\"async\" class=\"alignnone size-full wp-image-20383\" alt=\"DanijelaRajic\" src=\"http:\/\/w-jugend.tsv-birkenau.de\/wp-content\/upload\/DanijelaRajic.png\" width=\"400\" height=\"276\" srcset=\"https:\/\/damenhandball.tsv-birkenau.de\/wp-content\/upload\/DanijelaRajic.png 400w, https:\/\/damenhandball.tsv-birkenau.de\/wp-content\/upload\/DanijelaRajic-300x207.png 300w\" sizes=\"auto, (max-width: 400px) 100vw, 400px\" \/><\/p>\n<p>Danijela stie\u00df zur Winterpause von der HG Oftersheim\/Schwetzingen zum TSV und zeigte ihr K\u00f6nnen bereits in einigen Saisonspielen. Sie findet sich beim TSV auf den beiden Halb-Positionen wieder.<\/p>\n<p><strong>Wir dr\u00fccken den beiden Spielerinnen von TSV-Seite die Daumen!<\/strong><\/p>\n<p><em>(Fotos: Armin Etzel)<\/em><\/p>\n","protected":false},"excerpt":{"rendered":"<p>Vom 07.-09. M\u00e4rz findet die Sichtung des DHBs f\u00fcr die weiblichen Auswahlteams des Jahrgangs 1999 mit den s\u00fcdlichen Landesverb\u00e4nden statt. Auch der Badische Handballverband nimmt an den Sichtungsma\u00dfnahmen in der Sportschule in Ruit teil.<\/p>\n","protected":false},"author":10,"featured_media":0,"comment_status":"open","ping_status":"closed","sticky":false,"template":"","format":"standard","meta":{"neve_meta_sidebar":"","neve_meta_container":"","neve_meta_enable_content_width":"","neve_meta_content_width":0,"neve_meta_title_alignment":"","neve_meta_author_avatar":"","neve_post_elements_order":"","neve_meta_disable_header":"","neve_meta_disable_footer":"","neve_meta_disable_title":"","ngg_post_thumbnail":0,"footnotes":""},"categories":[1],"tags":[],"class_list":["post-20381","post","type-post","status-publish","format-standard","hentry","category-allgemein"],"_links":{"self":[{"href":"https:\/\/damenhandball.tsv-birkenau.de\/index.php\/wp-json\/wp\/v2\/posts\/20381","targetHints":{"allow":["GET"]}}],"collection":[{"href":"https:\/\/damenhandball.tsv-birkenau.de\/index.php\/wp-json\/wp\/v2\/posts"}],"about":[{"href":"https:\/\/damenhandball.tsv-birkenau.de\/index.php\/wp-json\/wp\/v2\/types\/post"}],"author":[{"embeddable":true,"href":"https:\/\/damenhandball.tsv-birkenau.de\/index.php\/wp-json\/wp\/v2\/users\/10"}],"replies":[{"embeddable":true,"href":"https:\/\/damenhandball.tsv-birkenau.de\/index.php\/wp-json\/wp\/v2\/comments?post=20381"}],"version-history":[{"count":4,"href":"https:\/\/damenhandball.tsv-birkenau.de\/index.php\/wp-json\/wp\/v2\/posts\/20381\/revisions"}],"predecessor-version":[{"id":20387,"href":"https:\/\/damenhandball.tsv-birkenau.de\/index.php\/wp-json\/wp\/v2\/posts\/20381\/revisions\/20387"}],"wp:attachment":[{"href":"https:\/\/damenhandball.tsv-birkenau.de\/index.php\/wp-json\/wp\/v2\/media?parent=20381"}],"wp:term":[{"taxonomy":"category","embeddable":true,"href":"https:\/\/damenhandball.tsv-birkenau.de\/index.php\/wp-json\/wp\/v2\/categories?post=20381"},{"taxonomy":"post_tag","embeddable":true,"href":"https:\/\/damenhandball.tsv-birkenau.de\/index.php\/wp-json\/wp\/v2\/tags?post=20381"}],"curies":[{"name":"wp","href":"https:\/\/api.w.org\/{rel}","templated":true}]}}