{"id":17687,"date":"2013-09-21T09:39:39","date_gmt":"2013-09-21T07:39:39","guid":{"rendered":"http:\/\/w-jugend.tsv-birkenau.de\/?p=17687"},"modified":"2013-09-21T10:40:09","modified_gmt":"2013-09-21T08:40:09","slug":"projektgruppe-typ-stellt-ausersportliches-forderkonzept-vor","status":"publish","type":"post","link":"https:\/\/damenhandball.tsv-birkenau.de\/index.php\/archives\/17687","title":{"rendered":"Projektgruppe \u2018TYP\u2019 des F\u00f6rdervereins stellt au\u00dfersportliches F\u00f6rderkonzept vor&#8230;"},"content":{"rendered":"<p><img decoding=\"async\" class=\"alignnone  wp-image-17688\" alt=\"typ_infoabend\" src=\"http:\/\/w-jugend.tsv-birkenau.de\/wp-content\/upload\/typ_infoabend.jpg\" width=\"400\" srcset=\"https:\/\/damenhandball.tsv-birkenau.de\/wp-content\/upload\/typ_infoabend.jpg 770w, https:\/\/damenhandball.tsv-birkenau.de\/wp-content\/upload\/typ_infoabend-300x187.jpg 300w\" sizes=\"(max-width: 770px) 100vw, 770px\" \/><\/p>\n<p>Am Donnerstag, 19.09.2013 war es soweit \u2013 die Projektgruppe \u2018TYP\u2019 stellte im Foyer der Langenberghalle das selbstentwickelte au\u00dfersportliche F\u00f6rderkonzept \u2018TYP\u2019 vor.<!--more--><\/p>\n<p><strong>Wer und was ist \u2018TYP\u2019?<br \/>\n<\/strong>\u2018TYP\u2019 ist ein Team aus Eltern, F\u00f6rderverein und erfahrenen ExpertInnen aus Unternehmen der Region, die gemeinsam unter der Leitung von Rainer Heckmann ein Programm entwickelt haben, das helfen soll, unsere M\u00e4dels auf die berufliche Zukunft vorzubereiten.<\/p>\n<p>Mehrere Module dieses Konzeptes sind bereits fertiggestellt. So werden wir bspw. anbieten, gemeinsam mit F\u00fchrungskr\u00e4ften aus Personalabteilungen verschiedener Unternehmen Bewerbungsunterlagen kritisch zu \u00fcberpr\u00fcfen (oder zu erstellen), Bewerbergespr\u00e4che zu simulieren, berufliche Orientierung anzubieten, uvm. Auch sind Besuche bei Unternehmen geplant oder begleitende Informationsveranstaltungen f\u00fcr die M\u00e4dels. Weitere Module und Angebote werden nun nach und nach realisiert.<\/p>\n<p>\u2018TYP\u2019 versteht sich als au\u00dfersportliche Erg\u00e4nzung zur sportlichen Abteilung und soll mithelfen, unsere M\u00e4dels auf die berufliche Zukunft vorzubereiten und f\u00f6rdert somit eine ganzheitliche Ausbildung.<\/p>\n<p><img decoding=\"async\" alt=\"\" src=\"http:\/\/maedelsfoerdern.files.wordpress.com\/2012\/12\/typ.jpg?w=547&amp;h=138\" width=\"400\" \/><\/p>\n<p>Das dargestellte Konzept wurde von den ca. 40 interessierten Zuh\u00f6rern\/-innen \u00fcberaus positiv aufgenommen \u2013 ein zus\u00e4tzlicher Ansporn f\u00fcr die Projektgruppe f\u00fcr die weitere Arbeit.<\/p>\n<p>Aber wir wollen kontinuierlich das Eltern- und F\u00f6rdervereinsnetzwerk erweitern und Kooperationspartner \u2013 sprich Firmen und Handwerksbetriebe zur Unterst\u00fctzung gewinnen. Wir versprechen uns \u00fcber die Eltern und \u00fcber unsere Mitglieder einen breiteren Zugang zu Firmen (\u2018T\u00fcr\u00f6ffner\u2019), die sich als Kooperationspartner mit einbringen k\u00f6nnen, bspw. durch das Anbieten von Praktika- oder Ausbildungspl\u00e4tzen. Oder Eltern und Mitglieder bringen sich direkt bei TYP mit ein, indem sie selbst ihre Kompetenzen, bspw. beim Coaching o.\u00e4. zur Verf\u00fcgung stellen. Je mehr sich engagieren, desto gr\u00f6\u00dfer die M\u00f6glichkeiten, die zur F\u00f6rderung entstehen!<\/p>\n<p>Wollen auch Sie \u2018TYP\u2019 unterst\u00fctzen? Dann melden Sie sich bitte! Kennen Sie m\u00f6gliche Kooperationspartner? Dar\u00fcber w\u00fcrde wir gerne mehr erfahren! Oder Sie haben einfach nur eine Idee, was wir anbieten k\u00f6nnten oder sollten? Dar\u00fcber w\u00fcrden wir gerne mehr wissen.<\/p>\n<p>Die <a href=\"http:\/\/maedelsfoerdern.wordpress.com\/impressum\/\" target=\"_blank\">Verantwortlichen des F\u00f6rdervereins<\/a> stehen wir weitere Ausk\u00fcnfte oder Fragen gerne zur Verf\u00fcgung.<\/p>\n<p><em>(Bericht: Verein zur F\u00f6rderung des weiblichen Handballsports in Birkenau)<\/em><\/p>\n","protected":false},"excerpt":{"rendered":"<p>Am Donnerstag, 19.09.2013 war es soweit \u2013 die Projektgruppe \u2018TYP\u2019 stellte im Foyer der Langenberghalle das selbstentwickelte au\u00dfersportliche F\u00f6rderkonzept \u2018TYP\u2019 vor.<\/p>\n","protected":false},"author":1,"featured_media":0,"comment_status":"open","ping_status":"closed","sticky":false,"template":"","format":"standard","meta":{"neve_meta_sidebar":"","neve_meta_container":"","neve_meta_enable_content_width":"","neve_meta_content_width":0,"neve_meta_title_alignment":"","neve_meta_author_avatar":"","neve_post_elements_order":"","neve_meta_disable_header":"","neve_meta_disable_footer":"","neve_meta_disable_title":"","ngg_post_thumbnail":0,"footnotes":""},"categories":[1],"tags":[],"class_list":["post-17687","post","type-post","status-publish","format-standard","hentry","category-allgemein"],"_links":{"self":[{"href":"https:\/\/damenhandball.tsv-birkenau.de\/index.php\/wp-json\/wp\/v2\/posts\/17687","targetHints":{"allow":["GET"]}}],"collection":[{"href":"https:\/\/damenhandball.tsv-birkenau.de\/index.php\/wp-json\/wp\/v2\/posts"}],"about":[{"href":"https:\/\/damenhandball.tsv-birkenau.de\/index.php\/wp-json\/wp\/v2\/types\/post"}],"author":[{"embeddable":true,"href":"https:\/\/damenhandball.tsv-birkenau.de\/index.php\/wp-json\/wp\/v2\/users\/1"}],"replies":[{"embeddable":true,"href":"https:\/\/damenhandball.tsv-birkenau.de\/index.php\/wp-json\/wp\/v2\/comments?post=17687"}],"version-history":[{"count":4,"href":"https:\/\/damenhandball.tsv-birkenau.de\/index.php\/wp-json\/wp\/v2\/posts\/17687\/revisions"}],"predecessor-version":[{"id":17692,"href":"https:\/\/damenhandball.tsv-birkenau.de\/index.php\/wp-json\/wp\/v2\/posts\/17687\/revisions\/17692"}],"wp:attachment":[{"href":"https:\/\/damenhandball.tsv-birkenau.de\/index.php\/wp-json\/wp\/v2\/media?parent=17687"}],"wp:term":[{"taxonomy":"category","embeddable":true,"href":"https:\/\/damenhandball.tsv-birkenau.de\/index.php\/wp-json\/wp\/v2\/categories?post=17687"},{"taxonomy":"post_tag","embeddable":true,"href":"https:\/\/damenhandball.tsv-birkenau.de\/index.php\/wp-json\/wp\/v2\/tags?post=17687"}],"curies":[{"name":"wp","href":"https:\/\/api.w.org\/{rel}","templated":true}]}}