{"id":17140,"date":"2013-07-08T15:18:09","date_gmt":"2013-07-08T13:18:09","guid":{"rendered":"http:\/\/w-jugend.tsv-birkenau.de\/?p=17140"},"modified":"2013-07-08T15:20:39","modified_gmt":"2013-07-08T13:20:39","slug":"kerwe-am-kommenden-wochenende","status":"publish","type":"post","link":"https:\/\/damenhandball.tsv-birkenau.de\/index.php\/archives\/17140","title":{"rendered":"Kerwe am kommenden Wochenende&#8230;"},"content":{"rendered":"<p><a href=\"http:\/\/w-jugend.tsv-birkenau.de\/wp-content\/upload\/kerwe2013.jpg\"><img decoding=\"async\" class=\"alignnone size-full wp-image-17141\" alt=\"kerwe2013\" src=\"http:\/\/w-jugend.tsv-birkenau.de\/wp-content\/upload\/kerwe2013.jpg\" width=\"400\" srcset=\"https:\/\/damenhandball.tsv-birkenau.de\/wp-content\/upload\/kerwe2013.jpg 450w, https:\/\/damenhandball.tsv-birkenau.de\/wp-content\/upload\/kerwe2013-300x159.jpg 300w\" sizes=\"(max-width: 450px) 100vw, 450px\" \/><\/a><\/p>\n<p><span style=\"color: #ff0000;\"><strong>KUCHENSPENDEN SIND HERZLICH WILLKOMMEN!<\/strong><\/span><\/p>\n<p>Zur Kerwe laden der TSV, VfL sowie die Jungs\u00e4ngerinnen und Jungs\u00e4nger des Volks-Chors Birkenau alle Ortsb\u00fcrger und Besucher aus nah und fern vier Tage lang auf den Platz La Rochefoucauld ein. Die drei Vereine packen es in diesem Jahr bereits zum siebten Mal gemeinsam an und sind gewillt, den G\u00e4sten eine sch\u00f6ne Kerwe zu pr\u00e4sentieren.<!--more--><\/p>\n<p>Los geht es am Freitag, 12. Juli, wenn um 19 Uhr der traditionelle Fassbieranstich erfolgt. Dieser wird in diesem Jahr erstmals durch den Ortsvorsteher der Kerngemeinde, Bernd Brockenauer, in Vertretung von B\u00fcrgermeister Helmut Morr vorgenommen. F\u00fcr die musikalische Unterhaltung sorgen an diesem Abend die Reisener Band &#8222;Our Thing&#8220; mit Cover-Rock aus den 1970er- und 80er-Jahren sowie der allseits bekannte &#8222;Musik-Express&#8220; mit DJ Markus. Am Kerwesamstag geht das Fest ab 15 Uhr weiter. Musikalisch wird am Abend erneut DJ Markus vom &#8222;Musik-Express&#8220; auflegen.<\/p>\n<p><strong>Quiz f\u00fcr einen guten Zweck<\/strong><br \/>\nDer Kerwesonntag steht ab 18 Uhr ganz im Zeichen des &#8222;1. Birkenauer Kerwespecials&#8220; von &#8222;Wer wird Million\u00e4r&#8220;. Hat man in den vergangenen Jahren die G\u00e4ste mit der Birkenauer Ausgabe von &#8222;Wetten dass . . .?&#8220; und &#8222;Die perfekte Minute&#8220; erfreut, so steht in diesem Jahr Deutschlands bekannteste Quizshow auf dem Programm. Hier werden insgesamt f\u00fcnf Kandidaten, unter anderem B\u00fcrgermeister Helmut Morr, ihr Wissen \u00fcber Birkenau und seine Vereine unter Beweis stellen. Gespielt wird f\u00fcr einen guten Zweck, der von den drei ausrichtenden Vereinen, dem BCV, dem Kulturverein und dem MGV Eintracht unterst\u00fctzt wird. Am Kerwemontag wird man dann die Kerwe gem\u00fctlich ausklingen lassen.<\/p>\n<p>Der Eintritt ist an allen Tagen frei. Die neu gestaltete Kerwebar wird an allen Tagen ge\u00f6ffnet sein. Au\u00dferdem wird es an allen Tagen mit Ausnahme des Freitags selbst gebackenen Kerwekuchen geben. Die Weinliebhaber unter den G\u00e4sten k\u00f6nnen sich auch diesmal wieder auf den Weinstand des Weingutes Blass aus Osthofen freuen. Neue Wege gehen die Organisatoren der Kerwe in Bezug auf das kulinarische Angebot. Hier arbeitet man erstmals mit einem Party- und Cateringservice zusammen. Neben den Speisen, die an allen Tagen auf der Karte stehen, wird es am Sonntag &#8222;Kerwe-Gyros&#8220; und am Montag &#8222;Kerwe-Grillhaxe&#8220; geben.<\/p>\n<p>Ohne Helfer geht es aber nicht. Um auch in diesem Jahr die Birkenauer Kerwe geb\u00fchrend feiern zu k\u00f6nnen, sind im Vorfeld und im Nachgang zu dieser Gro\u00dfveranstaltung eine ganze Reihe von Auf- und Abbaut\u00e4tigkeiten zu verrichten. Hierzu bitten die drei Vereine ihre Mitglieder um tatkr\u00e4ftige Unterst\u00fctzung. Die Aufbauarbeiten, wie beispielsweise Zelte auf- und Strom- und Wasseranschl\u00fcsse herstellen, werden am Mittwoch, 10. Juli, und Donnerstag, 11. Juli, jeweils ab 17.30 Uhr sowie am Freitag, 12. Juli, ab 9 Uhr auf dem Platz La Rochefoucauld durchgef\u00fchrt. Abbau- und Aufr\u00e4umarbeiten erfolgen am Dienstag, 16. Juli, ab 9.30 Uhr.<\/p>\n<p>Sollten sich Mitglieder der drei Vereine noch kurzfrsitig bereit erkl\u00e4ren an den Kerwetagen mithelfen zu wollen, so bittet das Organisationsteam zwecks der Zusammenstellung des Gesamtdienstplans um Meldung bei Karin Gei\u00dfinger (TSV Gesch\u00e4ftsstelle Telefon 06201\/379905).<strong> Kuchenspenden sind ebenfalls noch herzlich Willkommen. Diese k\u00f6nnen ab Samstag vor Ort abgegeben werden.<br \/>\n<\/strong><\/p>\n<p><em>(Quelle: WNOZ vom 05.07.2013, Foto ebenfalls)<\/em><\/p>\n","protected":false},"excerpt":{"rendered":"<p>KUCHENSPENDEN SIND HERZLICH WILLKOMMEN! Zur Kerwe laden der TSV, VfL sowie die Jungs\u00e4ngerinnen und Jungs\u00e4nger des Volks-Chors Birkenau alle Ortsb\u00fcrger und Besucher aus nah und fern vier Tage lang auf den Platz La Rochefoucauld ein. Die drei Vereine packen es in diesem Jahr bereits zum siebten Mal gemeinsam an und sind gewillt, den G\u00e4sten eine&hellip;&nbsp;<a href=\"https:\/\/damenhandball.tsv-birkenau.de\/index.php\/archives\/17140\" rel=\"bookmark\">Weiterlesen &raquo;<span class=\"screen-reader-text\">Kerwe am kommenden Wochenende&#8230;<\/span><\/a><\/p>\n","protected":false},"author":1,"featured_media":0,"comment_status":"open","ping_status":"closed","sticky":false,"template":"","format":"standard","meta":{"neve_meta_sidebar":"","neve_meta_container":"","neve_meta_enable_content_width":"","neve_meta_content_width":0,"neve_meta_title_alignment":"","neve_meta_author_avatar":"","neve_post_elements_order":"","neve_meta_disable_header":"","neve_meta_disable_footer":"","neve_meta_disable_title":"","ngg_post_thumbnail":0,"footnotes":""},"categories":[1],"tags":[],"class_list":["post-17140","post","type-post","status-publish","format-standard","hentry","category-allgemein"],"_links":{"self":[{"href":"https:\/\/damenhandball.tsv-birkenau.de\/index.php\/wp-json\/wp\/v2\/posts\/17140","targetHints":{"allow":["GET"]}}],"collection":[{"href":"https:\/\/damenhandball.tsv-birkenau.de\/index.php\/wp-json\/wp\/v2\/posts"}],"about":[{"href":"https:\/\/damenhandball.tsv-birkenau.de\/index.php\/wp-json\/wp\/v2\/types\/post"}],"author":[{"embeddable":true,"href":"https:\/\/damenhandball.tsv-birkenau.de\/index.php\/wp-json\/wp\/v2\/users\/1"}],"replies":[{"embeddable":true,"href":"https:\/\/damenhandball.tsv-birkenau.de\/index.php\/wp-json\/wp\/v2\/comments?post=17140"}],"version-history":[{"count":4,"href":"https:\/\/damenhandball.tsv-birkenau.de\/index.php\/wp-json\/wp\/v2\/posts\/17140\/revisions"}],"predecessor-version":[{"id":17145,"href":"https:\/\/damenhandball.tsv-birkenau.de\/index.php\/wp-json\/wp\/v2\/posts\/17140\/revisions\/17145"}],"wp:attachment":[{"href":"https:\/\/damenhandball.tsv-birkenau.de\/index.php\/wp-json\/wp\/v2\/media?parent=17140"}],"wp:term":[{"taxonomy":"category","embeddable":true,"href":"https:\/\/damenhandball.tsv-birkenau.de\/index.php\/wp-json\/wp\/v2\/categories?post=17140"},{"taxonomy":"post_tag","embeddable":true,"href":"https:\/\/damenhandball.tsv-birkenau.de\/index.php\/wp-json\/wp\/v2\/tags?post=17140"}],"curies":[{"name":"wp","href":"https:\/\/api.w.org\/{rel}","templated":true}]}}