{"id":15863,"date":"2013-03-06T10:43:22","date_gmt":"2013-03-06T09:43:22","guid":{"rendered":"http:\/\/w-jugend.tsv-birkenau.de\/?p=15863"},"modified":"2013-03-06T11:45:18","modified_gmt":"2013-03-06T10:45:18","slug":"katharina-mink-mit-team-baden-jahrgang-1998-auf-dhb-sichtung","status":"publish","type":"post","link":"https:\/\/damenhandball.tsv-birkenau.de\/index.php\/archives\/15863","title":{"rendered":"Katharina Mink mit Team Baden Jahrgang 1998 auf DHB-Sichtung"},"content":{"rendered":"<p><img loading=\"lazy\" decoding=\"async\" class=\"alignnone size-full wp-image-15865\" alt=\"Kathi_DHBSichtung\" src=\"http:\/\/w-jugend.tsv-birkenau.de\/wp-content\/upload\/Kathi_DHBSichtung.jpg\" width=\"400\" height=\"532\" srcset=\"https:\/\/damenhandball.tsv-birkenau.de\/wp-content\/upload\/Kathi_DHBSichtung.jpg 400w, https:\/\/damenhandball.tsv-birkenau.de\/wp-content\/upload\/Kathi_DHBSichtung-225x300.jpg 225w\" sizes=\"auto, (max-width: 400px) 100vw, 400px\" \/><\/p>\n<p>Am heutigen Mittwoch machen sich die M\u00e4dels des Jahrgangs 1998 der Badischen Auswahlmannschaft auf den Weg zur DHB-Sichtung in der Sportschule im w\u00fcrttembergischen Ruit. Mit dabei ist auch unsere C-Jugendliche Katharina Mink, die seit mittlerweile 3 Jahren erfolgreich beim TSV auf Torejagd geht.<!--more--><\/p>\n<p>Unter den Augen der DHB-Sichter werden sich die Auswahl-Spielerinnen der beiden Trainer Andreas Biedermann und Gesine Horstsch\u00e4fer bis einschlie\u00dflich Sonntag mit den Teams aus Bremen, Niedersachsen, Sachsen-Anhalt, Th\u00fcringen, Saar, Rheinland-Pfalz, Bayern, S\u00fcdbaden und W\u00fcrttemberg messen und versuchen, sich f\u00fcr h\u00f6here Aufgaben zu empfehlen. Wir w\u00fcnschen dem gesamten Team Baden und dabei insbesonders unserer Spielerin Kathi viel Erfolg!<\/p>\n<p><em>(Foto: Steffen Hoffmann &#8211; Archiv)<\/em><\/p>\n","protected":false},"excerpt":{"rendered":"<p>Am heutigen Mittwoch machen sich die M\u00e4dels des Jahrgangs 1998 der Badischen Auswahlmannschaft auf den Weg zur DHB-Sichtung in der Sportschule im w\u00fcrttembergischen Ruit. Mit dabei ist auch unsere C-Jugendliche Katharina Mink, die seit mittlerweile 3 Jahren erfolgreich beim TSV auf Torejagd geht.<\/p>\n","protected":false},"author":10,"featured_media":0,"comment_status":"open","ping_status":"closed","sticky":false,"template":"","format":"standard","meta":{"neve_meta_sidebar":"","neve_meta_container":"","neve_meta_enable_content_width":"","neve_meta_content_width":0,"neve_meta_title_alignment":"","neve_meta_author_avatar":"","neve_post_elements_order":"","neve_meta_disable_header":"","neve_meta_disable_footer":"","neve_meta_disable_title":"","ngg_post_thumbnail":0,"footnotes":""},"categories":[1],"tags":[],"class_list":["post-15863","post","type-post","status-publish","format-standard","hentry","category-allgemein"],"_links":{"self":[{"href":"https:\/\/damenhandball.tsv-birkenau.de\/index.php\/wp-json\/wp\/v2\/posts\/15863","targetHints":{"allow":["GET"]}}],"collection":[{"href":"https:\/\/damenhandball.tsv-birkenau.de\/index.php\/wp-json\/wp\/v2\/posts"}],"about":[{"href":"https:\/\/damenhandball.tsv-birkenau.de\/index.php\/wp-json\/wp\/v2\/types\/post"}],"author":[{"embeddable":true,"href":"https:\/\/damenhandball.tsv-birkenau.de\/index.php\/wp-json\/wp\/v2\/users\/10"}],"replies":[{"embeddable":true,"href":"https:\/\/damenhandball.tsv-birkenau.de\/index.php\/wp-json\/wp\/v2\/comments?post=15863"}],"version-history":[{"count":8,"href":"https:\/\/damenhandball.tsv-birkenau.de\/index.php\/wp-json\/wp\/v2\/posts\/15863\/revisions"}],"predecessor-version":[{"id":15914,"href":"https:\/\/damenhandball.tsv-birkenau.de\/index.php\/wp-json\/wp\/v2\/posts\/15863\/revisions\/15914"}],"wp:attachment":[{"href":"https:\/\/damenhandball.tsv-birkenau.de\/index.php\/wp-json\/wp\/v2\/media?parent=15863"}],"wp:term":[{"taxonomy":"category","embeddable":true,"href":"https:\/\/damenhandball.tsv-birkenau.de\/index.php\/wp-json\/wp\/v2\/categories?post=15863"},{"taxonomy":"post_tag","embeddable":true,"href":"https:\/\/damenhandball.tsv-birkenau.de\/index.php\/wp-json\/wp\/v2\/tags?post=15863"}],"curies":[{"name":"wp","href":"https:\/\/api.w.org\/{rel}","templated":true}]}}