{"id":14552,"date":"2012-12-12T09:12:42","date_gmt":"2012-12-12T08:12:42","guid":{"rendered":"http:\/\/w-jugend.tsv-birkenau.de\/?p=14552"},"modified":"2012-12-18T15:33:47","modified_gmt":"2012-12-18T14:33:47","slug":"eltern-grunden-forderverein","status":"publish","type":"post","link":"https:\/\/damenhandball.tsv-birkenau.de\/index.php\/archives\/14552","title":{"rendered":"Eltern gr\u00fcnden F\u00f6rderverein&#8230;"},"content":{"rendered":"<p>Heute Nacht war es soweit &#8211; um Punkt 0:12 Uhr, am 12.12.12, wurde der F\u00f6rderverein zur &#8222;F\u00f6rderung des weiblichen Handballsports in Birkenau&#8220; von Eltern aus dem weiblichen Handballbereich des TSV Birkenau gegr\u00fcndet. Insgesamt 14 Gr\u00fcndungsmitglieder waren Zeuge, wie der Vorsitzende Steffen Hoffmann das Glas erhob und freudestrahlend den Verein als gegr\u00fcndet bezeichnen konnte.<!--more--><\/p>\n<p>In einer vorher stattfindenden Wahl der Vorsitzenden wurden neben Hoffmann f\u00fcr den 2. Vorsitz Peter Sch\u00fctz, als Schatzmeister Petra Becker, als Schriftf\u00fchrer Udo La\u00dflop und als Beisitzer Heike Baumann, Manfred Zeides, Heiko M\u00fcller und Geli Schneiderheinze jeweils mit einer Enthaltung gew\u00e4hlt.<\/p>\n<p>Der F\u00f6rderverein hat es sich zum Zweck gemacht, den weiblichen Handball in Birkenau und damit die jungen Talente des TSV Birkenau zu f\u00f6rdern. Neben einer finanziellen Unterst\u00fctzungsleistung der Abteilung soll sich vorrangig um die au\u00dferhandballerischen Belange der M\u00e4dels von E-Jugend bis Seniorinnen gek\u00fcmmert werden, d.h. die Verantwortlichen planen Bewerbungstrainings, die Vermittlung von Ausbildungs- und Praktikumspl\u00e4tzen sowie Veranstaltungen zu weiteren bestimmen Themen, welche die M\u00e4dels mitbestimmen k\u00f6nnen, um ein m\u00f6glichst breites Spektrum abdecken zu k\u00f6nnen.<\/p>\n<p>Nun wird die Vereinsgr\u00fcndung noch notariell beglaubigt und die restlichen Formalit\u00e4ten gekl\u00e4rt, bevor man dann sp\u00e4testens im neuen Jahr mit den ersten Aktionen starten m\u00f6chte. Wer sich ebenfalls engagieren m\u00f6chte oder auch einfach &#8222;nur&#8220; einen kleinen Beitrag leisten m\u00f6chte, darf sich gerne an den 1. Vorsitzenden wenden (per Mail an <a href=\"mailto:info@maedels-foerdern.de\">info@maedels-foerdern.de<\/a>). Der Jahresbeitrag zur Mitgliedschaft wurde passend zum Gr\u00fcndungsdatum auf 12,00 Euro festgelegt, zus\u00e4tzliche Spenden sind jederzeit herzlich willkommen!<\/p>\n<p>In K\u00fcrze wird auch die Internetseite <a href=\"http:\/\/www.maedels-foerdern.de\" target=\"_blank\">www.maedels-foerdern.de<\/a> freigeschalten.<\/p>\n<p>Wir danken von Seiten der Abteilungsleitung f\u00fcr diese tolle Initiative der Eltern und freuen uns auf eine sicher spannende Zusammenarbeit!<\/p>\n","protected":false},"excerpt":{"rendered":"<p>Heute Nacht war es soweit &#8211; um Punkt 0:12 Uhr, am 12.12.12, wurde der F\u00f6rderverein zur &#8222;F\u00f6rderung des weiblichen Handballsports in Birkenau&#8220; von Eltern aus dem weiblichen Handballbereich des TSV Birkenau gegr\u00fcndet. Insgesamt 14 Gr\u00fcndungsmitglieder waren Zeuge, wie der Vorsitzende Steffen Hoffmann das Glas erhob und freudestrahlend den Verein als gegr\u00fcndet bezeichnen konnte.<\/p>\n","protected":false},"author":1,"featured_media":0,"comment_status":"open","ping_status":"closed","sticky":false,"template":"","format":"standard","meta":{"neve_meta_sidebar":"","neve_meta_container":"","neve_meta_enable_content_width":"","neve_meta_content_width":0,"neve_meta_title_alignment":"","neve_meta_author_avatar":"","neve_post_elements_order":"","neve_meta_disable_header":"","neve_meta_disable_footer":"","neve_meta_disable_title":"","ngg_post_thumbnail":0,"footnotes":""},"categories":[1],"tags":[],"class_list":["post-14552","post","type-post","status-publish","format-standard","hentry","category-allgemein"],"_links":{"self":[{"href":"https:\/\/damenhandball.tsv-birkenau.de\/index.php\/wp-json\/wp\/v2\/posts\/14552","targetHints":{"allow":["GET"]}}],"collection":[{"href":"https:\/\/damenhandball.tsv-birkenau.de\/index.php\/wp-json\/wp\/v2\/posts"}],"about":[{"href":"https:\/\/damenhandball.tsv-birkenau.de\/index.php\/wp-json\/wp\/v2\/types\/post"}],"author":[{"embeddable":true,"href":"https:\/\/damenhandball.tsv-birkenau.de\/index.php\/wp-json\/wp\/v2\/users\/1"}],"replies":[{"embeddable":true,"href":"https:\/\/damenhandball.tsv-birkenau.de\/index.php\/wp-json\/wp\/v2\/comments?post=14552"}],"version-history":[{"count":8,"href":"https:\/\/damenhandball.tsv-birkenau.de\/index.php\/wp-json\/wp\/v2\/posts\/14552\/revisions"}],"predecessor-version":[{"id":14555,"href":"https:\/\/damenhandball.tsv-birkenau.de\/index.php\/wp-json\/wp\/v2\/posts\/14552\/revisions\/14555"}],"wp:attachment":[{"href":"https:\/\/damenhandball.tsv-birkenau.de\/index.php\/wp-json\/wp\/v2\/media?parent=14552"}],"wp:term":[{"taxonomy":"category","embeddable":true,"href":"https:\/\/damenhandball.tsv-birkenau.de\/index.php\/wp-json\/wp\/v2\/categories?post=14552"},{"taxonomy":"post_tag","embeddable":true,"href":"https:\/\/damenhandball.tsv-birkenau.de\/index.php\/wp-json\/wp\/v2\/tags?post=14552"}],"curies":[{"name":"wp","href":"https:\/\/api.w.org\/{rel}","templated":true}]}}