{"id":14261,"date":"2012-11-19T12:02:07","date_gmt":"2012-11-19T11:02:07","guid":{"rendered":"http:\/\/w-jugend.tsv-birkenau.de\/?p=14261"},"modified":"2012-11-19T12:06:32","modified_gmt":"2012-11-19T11:06:32","slug":"damenspielerin-vanessa-falter-sozial-engagiert","status":"publish","type":"post","link":"https:\/\/damenhandball.tsv-birkenau.de\/index.php\/archives\/14261","title":{"rendered":"Abseits vom Spielfeld sozial engagiert&#8230;"},"content":{"rendered":"<p><img loading=\"lazy\" decoding=\"async\" class=\"alignnone size-full wp-image-14264\" title=\"Quelle: WNOZ.de\" src=\"http:\/\/w-jugend.tsv-birkenau.de\/wp-content\/upload\/web_Awo-Vanessa.png\" alt=\"\" width=\"400\" height=\"322\" srcset=\"https:\/\/damenhandball.tsv-birkenau.de\/wp-content\/upload\/web_Awo-Vanessa.png 400w, https:\/\/damenhandball.tsv-birkenau.de\/wp-content\/upload\/web_Awo-Vanessa-300x241.png 300w\" sizes=\"auto, (max-width: 400px) 100vw, 400px\" \/><\/p>\n<p>Jeden Donnerstag p\u00fcnktlich um 15 Uhr stehen drei bis vier Mitglieder der Projektgruppe &#8222;Tierheim&#8220; der Tagesst\u00e4tte f\u00fcr psychisch kranke Menschen der AWO Rhein-Neckar vor den Toren des Tierheims Weinheim, um Hunde auszuf\u00fchren. &#8222;Wir freuen uns jedes Mal riesig auf diesen Spaziergang mit den Hunden&#8220;, so ein Teilnehmer der Gruppe. Und dann geht es bei Wind und Wetter eine Stunde lang mit den Hunden auf das Feld.<!--more--><\/p>\n<p>Wie der Tierschutzverein Weinheim in einer Pressenotiz berichtet, hatte die Idee zu dieser gemeinsamen Initiative von AWO und Tierheim vor \u00fcber einem Jahr Vanessa Falter, die damals in der Tagesst\u00e4tte ein freiwilliges soziales Jahr absolvierte. &#8222;Als Gassig\u00e4ngerin des Tierheims habe ich selbst erfahren, wie wichtig Tiere f\u00fcr das eigene seelische Gleichgewicht sein k\u00f6nnen&#8220;, betont Falter, die die Tierheimgruppe regelm\u00e4\u00dfig begleitet. So sorgt sie daf\u00fcr, dass Hunde und Projektteilnehmer gut zueinander passen. &#8222;Wir begr\u00fc\u00dfen dieses neue F\u00f6rderangebot in unserem Wochenprogramm&#8220;, erl\u00e4utert Gabriele Hoffmann, Leiterin der AWO-Tagesst\u00e4tte. &#8222;Der therapeutische Wert der Tiere ist betr\u00e4chtlich. Sie vermitteln unverf\u00e4lschte Zuneigung ohne Voreingenommenheit und sind damit Balsam f\u00fcr die Seele. Gerade Schw\u00e4chen im emotionalen Bereich der erkrankten Menschen lassen sich so gut ausgleichen.&#8220;<\/p>\n<p>Beide Seiten profitieren von dieser Zusammenarbeit. Die Tierheimhunde ben\u00f6tigen jeden Tag ihren Auslauf, und hier ist jede Unterst\u00fctzung willkommen. &#8222;Wir freuen uns, wenn unsere Tiere helfen k\u00f6nnen und hoffen, dass diese Kooperation noch lange Bestand haben wird.&#8220; bekr\u00e4ftigt Jutta Schweidler, Leiterin des Tierheims Weinheim und f\u00fcgt mit einem Schmunzeln hinzu: &#8222;Auch unsere Katzen warten auf ihren ersten therapeutischen Einsatz!&#8220;<\/p>\n<p><em>(Quelle: Weinheimer Nachrichten 19.11.2012)<\/em><\/p>\n","protected":false},"excerpt":{"rendered":"<p>Jeden Donnerstag p\u00fcnktlich um 15 Uhr stehen drei bis vier Mitglieder der Projektgruppe &#8222;Tierheim&#8220; der Tagesst\u00e4tte f\u00fcr psychisch kranke Menschen der AWO Rhein-Neckar vor den Toren des Tierheims Weinheim, um Hunde auszuf\u00fchren. &#8222;Wir freuen uns jedes Mal riesig auf diesen Spaziergang mit den Hunden&#8220;, so ein Teilnehmer der Gruppe. Und dann geht es bei Wind&hellip;&nbsp;<a href=\"https:\/\/damenhandball.tsv-birkenau.de\/index.php\/archives\/14261\" rel=\"bookmark\">Weiterlesen &raquo;<span class=\"screen-reader-text\">Abseits vom Spielfeld sozial engagiert&#8230;<\/span><\/a><\/p>\n","protected":false},"author":1,"featured_media":0,"comment_status":"open","ping_status":"closed","sticky":false,"template":"","format":"standard","meta":{"neve_meta_sidebar":"","neve_meta_container":"","neve_meta_enable_content_width":"","neve_meta_content_width":0,"neve_meta_title_alignment":"","neve_meta_author_avatar":"","neve_post_elements_order":"","neve_meta_disable_header":"","neve_meta_disable_footer":"","neve_meta_disable_title":"","ngg_post_thumbnail":0,"footnotes":""},"categories":[1],"tags":[],"class_list":["post-14261","post","type-post","status-publish","format-standard","hentry","category-allgemein"],"_links":{"self":[{"href":"https:\/\/damenhandball.tsv-birkenau.de\/index.php\/wp-json\/wp\/v2\/posts\/14261","targetHints":{"allow":["GET"]}}],"collection":[{"href":"https:\/\/damenhandball.tsv-birkenau.de\/index.php\/wp-json\/wp\/v2\/posts"}],"about":[{"href":"https:\/\/damenhandball.tsv-birkenau.de\/index.php\/wp-json\/wp\/v2\/types\/post"}],"author":[{"embeddable":true,"href":"https:\/\/damenhandball.tsv-birkenau.de\/index.php\/wp-json\/wp\/v2\/users\/1"}],"replies":[{"embeddable":true,"href":"https:\/\/damenhandball.tsv-birkenau.de\/index.php\/wp-json\/wp\/v2\/comments?post=14261"}],"version-history":[{"count":4,"href":"https:\/\/damenhandball.tsv-birkenau.de\/index.php\/wp-json\/wp\/v2\/posts\/14261\/revisions"}],"predecessor-version":[{"id":14263,"href":"https:\/\/damenhandball.tsv-birkenau.de\/index.php\/wp-json\/wp\/v2\/posts\/14261\/revisions\/14263"}],"wp:attachment":[{"href":"https:\/\/damenhandball.tsv-birkenau.de\/index.php\/wp-json\/wp\/v2\/media?parent=14261"}],"wp:term":[{"taxonomy":"category","embeddable":true,"href":"https:\/\/damenhandball.tsv-birkenau.de\/index.php\/wp-json\/wp\/v2\/categories?post=14261"},{"taxonomy":"post_tag","embeddable":true,"href":"https:\/\/damenhandball.tsv-birkenau.de\/index.php\/wp-json\/wp\/v2\/tags?post=14261"}],"curies":[{"name":"wp","href":"https:\/\/api.w.org\/{rel}","templated":true}]}}