{"id":13695,"date":"2012-10-03T13:08:05","date_gmt":"2012-10-03T11:08:05","guid":{"rendered":"http:\/\/w-jugend.tsv-birkenau.de\/?p=13695"},"modified":"2012-12-17T00:49:47","modified_gmt":"2012-12-16T23:49:47","slug":"seniorinnen-machen-palma-unsicher","status":"publish","type":"post","link":"https:\/\/damenhandball.tsv-birkenau.de\/index.php\/archives\/13695","title":{"rendered":"Seniorinnen machen Mallorca unsicher&#8230;"},"content":{"rendered":"<p><img loading=\"lazy\" decoding=\"async\" class=\"alignnone size-full wp-image-13698\" title=\"web_CIMG4877\" src=\"http:\/\/w-jugend.tsv-birkenau.de\/wp-content\/upload\/web_CIMG4877.png\" alt=\"\" width=\"400\" height=\"226\" srcset=\"https:\/\/damenhandball.tsv-birkenau.de\/wp-content\/upload\/web_CIMG4877.png 400w, https:\/\/damenhandball.tsv-birkenau.de\/wp-content\/upload\/web_CIMG4877-300x169.png 300w\" sizes=\"auto, (max-width: 400px) 100vw, 400px\" \/><\/p>\n<p>P\u00fcnktlich am Mittwoch, den 26. September 2012 um 15.00 Uhr, starteten die AD\u00b4s vom TSV Birkenau\u00a0am Birkenauer Bahnhof ihre Mission \u201eAbschlussfahrt Mallorca 2012\u201c. Die 14 AD-lerinnen verteilten sich in die 3 Autos und fuhren voller Erwartungen in Richtung Baden-Baden Airport, um die Maschine nach Palma de Mallorca, Abflug 17.55 Uhr zu entern. Schon im Vorfeld der Planungen hatten die Damen riesen Spa\u00df &#8211; den sollten sie auch in den n\u00e4chsten 5 Tagen nicht verlieren.<!--more--><\/p>\n<p>Endlich in Palma angekommen, wurden die geliehenen Autos abgeholt und die weitere Reise nach Porte de Pollenca konnte angetreten werden. Jetzt hie\u00df es, das gemietete Landgut zu finden. Mit der Wegbeschreibung bewaffnet, suchten die TSV-Damen in der Dunkelheit das gebuchte Landgut. Im Schritttempo hielten sich die Suchenden an die exakten Angaben und so f\u00fchrte der Weg direkt zur Unterkunft. Schnell das 10 kg Gep\u00e4ck ausger\u00e4umt, wurde die genauere Gegend noch inspiziert. Nach einem Willkommenstrink fielen die Birkenauerinnen gl\u00fccklich in die Betten.<\/p>\n<p><img loading=\"lazy\" decoding=\"async\" class=\"alignnone size-full wp-image-13699\" title=\"web_CIMG4936\" src=\"http:\/\/w-jugend.tsv-birkenau.de\/wp-content\/upload\/web_CIMG4936.png\" alt=\"\" width=\"400\" height=\"254\" srcset=\"https:\/\/damenhandball.tsv-birkenau.de\/wp-content\/upload\/web_CIMG4936.png 400w, https:\/\/damenhandball.tsv-birkenau.de\/wp-content\/upload\/web_CIMG4936-300x190.png 300w\" sizes=\"auto, (max-width: 400px) 100vw, 400px\" \/><\/p>\n<p>Am n\u00e4chsten Morgen hie\u00df es erst einmal f\u00fcr die Einen, die Gro\u00dfk\u00fcche in Augenschein zu nehmen und f\u00fcr die Anderen, f\u00fcr das leibliche Wohl zu sorgen. Nach dem ersten Einkauf fanden sich dann alle beim Fr\u00fchst\u00fcck wieder. Gest\u00e4rkt wurden dann zum ersten Mal die Wanderschuhe geschn\u00fcrt. Die Wanderung f\u00fchrte in die Bucht von Sant Vicenc. Daheim wieder angekommen, nahmen die Spezialisten das Ansetzen der Sangria in die Hand, um nach dem Abendessen das gem\u00fctliche Beisammensitzen &#8222;ertr\u00e4glicher&#8220; zu gestalten. So verbrachten die Birkenauerinnen bis sp\u00e4t in die Nacht den zweiten Abend.<\/p>\n<p><img loading=\"lazy\" decoding=\"async\" class=\"alignnone size-full wp-image-13701\" title=\"web_CIMG4863\" src=\"http:\/\/w-jugend.tsv-birkenau.de\/wp-content\/upload\/web_CIMG4863.png\" alt=\"\" width=\"400\" height=\"301\" srcset=\"https:\/\/damenhandball.tsv-birkenau.de\/wp-content\/upload\/web_CIMG4863.png 400w, https:\/\/damenhandball.tsv-birkenau.de\/wp-content\/upload\/web_CIMG4863-300x225.png 300w\" sizes=\"auto, (max-width: 400px) 100vw, 400px\" \/><\/p>\n<p>Am Freitag sollte dann der n\u00e4chste Programmpunkt in Angriff genommen werden. Segeln stand auf dem Plan. P\u00fcnktlich um 11.00 Uhr holte der Skipper Simon die Damen des TSV von dem vereinbarten Treffpunkt im Hafen ab. Die Aufregung stand jedem im Gesicht geschrieben. Mit einem Schlauchboot ging es dann zum eigentlichen 15 Meter langen Segelboot. Jede hatte schon jetzt einen riesen Spa\u00df. Als dann alle M\u00e4dels an Bord waren, wurden auch schon gleich die Segel gehisst. Alle 3 Segel zeigten sich in voller Pracht. Das Segelschiff setzte sich in Bewegung und der Wind wurde immer st\u00e4rker. Simon holte das gro\u00dfe Segel ein, denn auch die 2 kleineren reichten aus, um das Segelschiff bei mittlerweile Windst\u00e4rke 6 in Schr\u00e4glage zu bringen. Alle hatten M\u00fche, sich festzuhalten, um nicht \u00fcber Bord zu gehen, nachdem Motto: \u201eImmer eine Hand f\u00fcr das Schiff.\u201c Einige wurden immer blasser um die Nase und Simon mit seiner Frau Suzie hatten alle H\u00e4nde voll zu tun. Endlich in der angesteuerten Bucht angekommen, konnten sich die \u201eLeichtmatrosinnen aus dem Odenwald\u201c bei den gereichten Getr\u00e4nken und leckeren Baguettes von den Strapazen erholen. Nach 2-st\u00fcndiger Badepause hie\u00df es wieder, die Heimreise anzutreten. Das Wetter wurde jetzt immer besser und die erst so st\u00fcrmische Hinreise wurde zur genialen R\u00fcckreise. Selbst die Sonne zeigte sich von ihrer besten Seite, sodass noch ein kleiner Zwischenstopp eingelegt wurde. Jetzt konnte man sogar vom Segelschiff aus ins Wasser springen und mit Flossen und Taucherbrille die Unterwasserwelt erkunden. Danach ging es zur\u00fcck in den Hafen. Simon setzte die Crew wieder wohlbehalten am Ufer ab und ein f\u00fcr jeden mit anderen Eindr\u00fccken behafteten Segelt\u00f6rn ging zu Ende. Beim abendlichen Grillfest wurde nochmals heftig, bis sp\u00e4t in die Nacht, \u00fcber die tolle Segeltour gelacht.<\/p>\n<p><img loading=\"lazy\" decoding=\"async\" class=\"alignnone size-full wp-image-13700\" title=\"web_CIMG4967\" src=\"http:\/\/w-jugend.tsv-birkenau.de\/wp-content\/upload\/web_CIMG4967.png\" alt=\"\" width=\"400\" height=\"297\" srcset=\"https:\/\/damenhandball.tsv-birkenau.de\/wp-content\/upload\/web_CIMG4967.png 400w, https:\/\/damenhandball.tsv-birkenau.de\/wp-content\/upload\/web_CIMG4967-300x222.png 300w\" sizes=\"auto, (max-width: 400px) 100vw, 400px\" \/><\/p>\n<p>Am n\u00e4chsten Tag wurden wieder die Wanderschuhe geschn\u00fcrt. Die Wanderung, die in Alaro startete, sollte dann nach 3-st\u00fcndiger herrlicher Wanderung im Tramuntanagebirge und einer unbeschreiblich sch\u00f6nen Kulisse auf Mallorca in das bekannte Restaurant Es Verger f\u00fchren. Dort wartete ein leckeres Mittagessen auf die 14 Birkenauerinnen. Bei Lammschulter und Schweinelende wurde nochmal \u00fcber die tolle Aussicht, sowie \u00fcber das urige Lokal diskutiert, um dann die R\u00fcckreise in einem Cafe ausklingen zu lassen.<\/p>\n<p>Der Sonntag begann verregnet und es gab doch etwas lange Gesichter, als man zum Fenster hinaus schaute, denn eigentlich wollte man heute auf den Markt nach Pollenca. Doch kurz entschlossen wurde der Plan ge\u00e4ndert und die Autos fuhren nach dem ausgiebigen Fr\u00fchst\u00fcck in Richtung S\u00fcden, nach Palma. Je weiter man in den S\u00fcden kam, umso sch\u00f6ner wurde das Wetter. In Palma angekommen, wurde die bekannte Kathedrale besichtigt und die Stadt unsicher gemacht. Danach wartete noch der bekannte Ballermann auf die TSVlerinnen. P\u00fcnktlich um 15.00 Uhr, zur besten Sonntagszeit, wurde das Epizentrum des Ballermanns, n\u00e4mlich Ballermann 6 und 7 inspiziert. Bierk\u00f6nig, Oberbayern oder Mega-Park &#8211; alles stand auf dem Programm. L\u00e4chelnd und gl\u00fccklich fuhr man wieder Richtung Heimat, wo noch eine \u00dcberraschung auf die \u00e4lteren M\u00e4dels wartete.<\/p>\n<p>Am letzten Tag genoss man noch einmal den Pool und die Sonne, bevor es um 16.00 Uhr in Richtung Flughafen ging, wo p\u00fcnktlich um 20.35 Uhr die Ryanair-Maschine in Richtung Baden-Baden abhob.<\/p>\n<p>Eine gigantische Abschlussfahrt 2012 fand mit der Heimfahrt ein sp\u00e4tes Ende. Um 0.30 Uhr lagen wohl alle \u00fcbergl\u00fccklich in ihren Betten. Vielen Dank an alle Mitreisenden, dass ihr doch alles so tapfer ertragen habt, denn es waren doch manche aufregende, wackelige und nasse Momente dabei.<\/p>\n<p><em>(Fotos: Inge R\u00f6del)<\/em><\/p>\n","protected":false},"excerpt":{"rendered":"<p>P\u00fcnktlich am Mittwoch, den 26. September 2012 um 15.00 Uhr, starteten die AD\u00b4s vom TSV Birkenau\u00a0am Birkenauer Bahnhof ihre Mission \u201eAbschlussfahrt Mallorca 2012\u201c. Die 14 AD-lerinnen verteilten sich in die 3 Autos und fuhren voller Erwartungen in Richtung Baden-Baden Airport, um die Maschine nach Palma de Mallorca, Abflug 17.55 Uhr zu entern. Schon im Vorfeld&hellip;&nbsp;<a href=\"https:\/\/damenhandball.tsv-birkenau.de\/index.php\/archives\/13695\" rel=\"bookmark\">Weiterlesen &raquo;<span class=\"screen-reader-text\">Seniorinnen machen Mallorca unsicher&#8230;<\/span><\/a><\/p>\n","protected":false},"author":1,"featured_media":0,"comment_status":"open","ping_status":"closed","sticky":false,"template":"","format":"standard","meta":{"neve_meta_sidebar":"","neve_meta_container":"","neve_meta_enable_content_width":"","neve_meta_content_width":0,"neve_meta_title_alignment":"","neve_meta_author_avatar":"","neve_post_elements_order":"","neve_meta_disable_header":"","neve_meta_disable_footer":"","neve_meta_disable_title":"","ngg_post_thumbnail":0,"footnotes":""},"categories":[46],"tags":[],"class_list":["post-13695","post","type-post","status-publish","format-standard","hentry","category-berichtdamenad"],"_links":{"self":[{"href":"https:\/\/damenhandball.tsv-birkenau.de\/index.php\/wp-json\/wp\/v2\/posts\/13695","targetHints":{"allow":["GET"]}}],"collection":[{"href":"https:\/\/damenhandball.tsv-birkenau.de\/index.php\/wp-json\/wp\/v2\/posts"}],"about":[{"href":"https:\/\/damenhandball.tsv-birkenau.de\/index.php\/wp-json\/wp\/v2\/types\/post"}],"author":[{"embeddable":true,"href":"https:\/\/damenhandball.tsv-birkenau.de\/index.php\/wp-json\/wp\/v2\/users\/1"}],"replies":[{"embeddable":true,"href":"https:\/\/damenhandball.tsv-birkenau.de\/index.php\/wp-json\/wp\/v2\/comments?post=13695"}],"version-history":[{"count":6,"href":"https:\/\/damenhandball.tsv-birkenau.de\/index.php\/wp-json\/wp\/v2\/posts\/13695\/revisions"}],"predecessor-version":[{"id":14618,"href":"https:\/\/damenhandball.tsv-birkenau.de\/index.php\/wp-json\/wp\/v2\/posts\/13695\/revisions\/14618"}],"wp:attachment":[{"href":"https:\/\/damenhandball.tsv-birkenau.de\/index.php\/wp-json\/wp\/v2\/media?parent=13695"}],"wp:term":[{"taxonomy":"category","embeddable":true,"href":"https:\/\/damenhandball.tsv-birkenau.de\/index.php\/wp-json\/wp\/v2\/categories?post=13695"},{"taxonomy":"post_tag","embeddable":true,"href":"https:\/\/damenhandball.tsv-birkenau.de\/index.php\/wp-json\/wp\/v2\/tags?post=13695"}],"curies":[{"name":"wp","href":"https:\/\/api.w.org\/{rel}","templated":true}]}}