{"id":12979,"date":"2012-09-05T16:22:37","date_gmt":"2012-09-05T14:22:37","guid":{"rendered":"http:\/\/w-jugend.tsv-birkenau.de\/?p=12979"},"modified":"2012-09-10T15:04:09","modified_gmt":"2012-09-10T13:04:09","slug":"wie-bewegungsmangel-unseren-schlaf-stort","status":"publish","type":"post","link":"https:\/\/damenhandball.tsv-birkenau.de\/index.php\/archives\/12979","title":{"rendered":"Wie sich Bewegungsmangel auf das Leben unserer Kinder auswirkt&#8230;"},"content":{"rendered":"<p><img loading=\"lazy\" decoding=\"async\" class=\"size-full wp-image-12980 alignnone\" title=\"Foto: Supress\/ Fotalia No. 4697\" src=\"http:\/\/w-jugend.tsv-birkenau.de\/wp-content\/upload\/web_suewo_81-19300484.png\" alt=\"Foto: Supress\/ Fotalia No. 4697\" width=\"400\" height=\"258\" srcset=\"https:\/\/damenhandball.tsv-birkenau.de\/wp-content\/upload\/web_suewo_81-19300484.png 400w, https:\/\/damenhandball.tsv-birkenau.de\/wp-content\/upload\/web_suewo_81-19300484-300x193.png 300w\" sizes=\"auto, (max-width: 400px) 100vw, 400px\" \/><\/p>\n<p>Die Bewegungsaktivit\u00e4t im Alltag ist heute bei vielen Kindern mangelhaft. Das zeigt die Studie von Professor Klaus B\u00f6s (Universit\u00e4t Karlsruhe) \u201eFitness in der Grundschule\u201c, an der 1442 Sch\u00fcler der Klassen eins bis vier aus Deutschland teilgenommen haben.<!--more--><\/p>\n<p>So geben 26 Prozent der Kinder an, maximal einmal pro Woche im Freien zu spielen. Als Ursache f\u00fcr die vermehrte Inaktivit\u00e4t gelten ein ver\u00e4nderter kindlicher Tagesablauf mit eingeschr\u00e4nkten Bewegungsm\u00f6glichkeiten und zunehmender Computer- und Fernsehkonsum. Das Fehlen von regelm\u00e4\u00dfiger k\u00f6rperlicher Aktivit\u00e4t beg\u00fcnstigt nicht nur schlechtere motorische Leistungsf\u00e4higkeit, Haltungsschw\u00e4chen, R\u00fcckenschmerzen und \u00dcbergewicht, sondern wirkt sich auch negativ auf die Psyche aus. Anhaltender Bewegungsmangel kann laut Professor. B\u00f6s Stressreaktionen wie zum Beispiel Unruhe, Unkonzentriertheit oder Schlafprobleme ausl\u00f6sen. Laut der Studie haben 41 Prozent der Kinder gelegentliche Konzentrationsschwierigkeiten, zw\u00f6lf Prozent leiden darunter bereits andauernd.<\/p>\n<p>Bei den Fragen zu psychovegetativen Beschwerden, zu denen unter anderem Schlafst\u00f6rungen und Schwei\u00dfausbr\u00fcche z\u00e4hlen, zeigt sich ein \u00e4hnliches Bild: Zwischen 40 und 60 Prozent der Grundschulkinder klagen zumindest gelegentlich, zehn Prozent anhaltend \u00fcber psychovegetative Beeintr\u00e4chtigungen. Die Zahlen unterstreichen, wie wichtig es ist, dass Eltern und Erzieher mehr Wert auf einen bewegungsfreudigen Alltag bei Kids legen. Fitte Kinder sind gesund, ausgeglichen und leistungsstark \u2013 k\u00f6rperlich inaktive Kids hingegen oft genau das Gegenteil. Gute Anregungen und Tipps, wie man Kinder zu Bewegung motivieren kann, gibt zum Beispiel das Ratgeberportal www.komminschwung.<\/p>\n<p><em>(Quelle:\u00a0S\u00fcdhessen Woche\/Medienhaus S\u00fcdhessen &#8211; <a href=\"http:\/\/www.suewo.de\" target=\"_blank\">http:\/\/www.suewo.de<\/a>; Foto: Supress \/ Fotalia No. 4697)<\/em><\/p>\n","protected":false},"excerpt":{"rendered":"<p>Die Bewegungsaktivit\u00e4t im Alltag ist heute bei vielen Kindern mangelhaft. Das zeigt die Studie von Professor Klaus B\u00f6s (Universit\u00e4t Karlsruhe) \u201eFitness in der Grundschule\u201c, an der 1442 Sch\u00fcler der Klassen eins bis vier aus Deutschland teilgenommen haben.<\/p>\n","protected":false},"author":1,"featured_media":0,"comment_status":"open","ping_status":"closed","sticky":false,"template":"","format":"standard","meta":{"neve_meta_sidebar":"","neve_meta_container":"","neve_meta_enable_content_width":"","neve_meta_content_width":0,"neve_meta_title_alignment":"","neve_meta_author_avatar":"","neve_post_elements_order":"","neve_meta_disable_header":"","neve_meta_disable_footer":"","neve_meta_disable_title":"","ngg_post_thumbnail":0,"footnotes":""},"categories":[1],"tags":[],"class_list":["post-12979","post","type-post","status-publish","format-standard","hentry","category-allgemein"],"_links":{"self":[{"href":"https:\/\/damenhandball.tsv-birkenau.de\/index.php\/wp-json\/wp\/v2\/posts\/12979","targetHints":{"allow":["GET"]}}],"collection":[{"href":"https:\/\/damenhandball.tsv-birkenau.de\/index.php\/wp-json\/wp\/v2\/posts"}],"about":[{"href":"https:\/\/damenhandball.tsv-birkenau.de\/index.php\/wp-json\/wp\/v2\/types\/post"}],"author":[{"embeddable":true,"href":"https:\/\/damenhandball.tsv-birkenau.de\/index.php\/wp-json\/wp\/v2\/users\/1"}],"replies":[{"embeddable":true,"href":"https:\/\/damenhandball.tsv-birkenau.de\/index.php\/wp-json\/wp\/v2\/comments?post=12979"}],"version-history":[{"count":5,"href":"https:\/\/damenhandball.tsv-birkenau.de\/index.php\/wp-json\/wp\/v2\/posts\/12979\/revisions"}],"predecessor-version":[{"id":12997,"href":"https:\/\/damenhandball.tsv-birkenau.de\/index.php\/wp-json\/wp\/v2\/posts\/12979\/revisions\/12997"}],"wp:attachment":[{"href":"https:\/\/damenhandball.tsv-birkenau.de\/index.php\/wp-json\/wp\/v2\/media?parent=12979"}],"wp:term":[{"taxonomy":"category","embeddable":true,"href":"https:\/\/damenhandball.tsv-birkenau.de\/index.php\/wp-json\/wp\/v2\/categories?post=12979"},{"taxonomy":"post_tag","embeddable":true,"href":"https:\/\/damenhandball.tsv-birkenau.de\/index.php\/wp-json\/wp\/v2\/tags?post=12979"}],"curies":[{"name":"wp","href":"https:\/\/api.w.org\/{rel}","templated":true}]}}