{"id":11951,"date":"2012-05-01T22:07:44","date_gmt":"2012-05-01T20:07:44","guid":{"rendered":"http:\/\/w-jugend.tsv-birkenau.de\/?p=11951"},"modified":"2012-05-01T22:49:49","modified_gmt":"2012-05-01T20:49:49","slug":"vr-talentiade-begeistert-kinder","status":"publish","type":"post","link":"https:\/\/damenhandball.tsv-birkenau.de\/index.php\/archives\/11951","title":{"rendered":"VR-Talentiade begeistert Kinder"},"content":{"rendered":"<p><img loading=\"lazy\" decoding=\"async\" class=\"alignnone size-full wp-image-11923\" title=\"web_VR-Talentiade1\" src=\"http:\/\/w-jugend.tsv-birkenau.de\/wp-content\/upload\/web_VR-Talentiade1.jpg\" alt=\"\" width=\"400\" height=\"261\" srcset=\"https:\/\/damenhandball.tsv-birkenau.de\/wp-content\/upload\/web_VR-Talentiade1.jpg 400w, https:\/\/damenhandball.tsv-birkenau.de\/wp-content\/upload\/web_VR-Talentiade1-300x195.jpg 300w\" sizes=\"auto, (max-width: 400px) 100vw, 400px\" \/><\/p>\n<p>Beim \u201aVR-Tag des Talents\u2019 am 29.04.2012 durften M\u00e4dchen und Jungen der Jahrg\u00e4nge 2001 und j\u00fcnger zeigen, was in ihnen steckt.<br \/>\n<!--more--> Der TSV Birkenau und die Volksbank Weinheim eG veranstalteten gemeinsam ein Sportfest, in dessen Vordergrund es stand, besonders begabte Handball-Kinder zu entdecken. 51 Kinder, die sich beim vorangegangenen Vereinsentscheid f\u00fcr die zweite Runde der VR-Talentiade qualifiziert hatten, ma\u00dfen sich in acht gemischten Teams miteinander.<\/p>\n<p><img loading=\"lazy\" decoding=\"async\" class=\"alignnone size-full wp-image-11971\" title=\"web_VR-Talentiade-28.04.12-(13)\" src=\"http:\/\/w-jugend.tsv-birkenau.de\/wp-content\/upload\/web_VR-Talentiade-28.04.12-13.jpg\" alt=\"\" width=\"400\" height=\"217\" srcset=\"https:\/\/damenhandball.tsv-birkenau.de\/wp-content\/upload\/web_VR-Talentiade-28.04.12-13.jpg 400w, https:\/\/damenhandball.tsv-birkenau.de\/wp-content\/upload\/web_VR-Talentiade-28.04.12-13-300x162.jpg 300w\" sizes=\"auto, (max-width: 400px) 100vw, 400px\" \/><\/p>\n<p>Die Volksbanken Raiffeisenbanken in W\u00fcrttemberg haben das Konzept im Jahre 2000 zusammen mit den w\u00fcrttembergischen Sportfachverb\u00e4nden der Sportarten Fu\u00dfball, Handball, Leichtathletik, Ski, Tennis und Turnen aufgestellt. Im Jahr 2009 stie\u00df dann noch die Sportart Golf hinzu. Durch die Fusion aller badischen und w\u00fcrttembergischen Volksbanken Raiffeisenbanken finden diese Veranstaltungen seit 2010 auch in den benannten Sportfachb\u00e4nden in Baden und S\u00fcdbaden und somit in ganz Baden-W\u00fcrttemberg statt.<\/p>\n<p>Der Birkenauer Kreisentscheid begann mit einer kurzen Begr\u00fc\u00dfung und dem anschlie\u00dfenden gemeinsamen Aufw\u00e4rmen, ehe sich der junge Handball-Nachwuchs beim W\u00fcrfelball und beim Handball-Spiel im 4+1 pr\u00e4sentierte. Ausschlaggebend f\u00fcr die Bewertung und Vergabe der Punkte waren letzten Endes f\u00fcnf anspruchsvolle koordinative \u00dcbungen. Bei der Siegerehrung durch Benjamin Richter, Leiter der Birkenauer Volksbank-Filiale, und dem stellvertretenden Pr\u00e4sidenten des TSV Birkenau, Werner Stief, wurden dann die 20 erfolgreichsten Kinder bei Platz 20 beginnend aufgerufen und mit einem VR-Talentiade-Shirt, einem Sportbeutel und einer Urkunde pr\u00e4miert. Die 13 besten Kinder qualifizierten sich zus\u00e4tzlich f\u00fcr die dritte und letzte Stufe der VR-Talentiade, dem Verbandsentscheid am 23.06.2012 bei der SG Kronau\/\u00d6stringen. Mit Marco J\u00f6st, Laura Bielevelt, Lena M\u00fcller und Alexa Becker konnten sich vier Kinder des TSV Birkenau f\u00fcr Runde 3 der VR-Talentiade qualifizieren. Abschlie\u00dfend bekamen auch alle \u00fcbrigen Kinder noch einen Sportbeutel und eine Urkunde \u00fcberreicht und eine Gl\u00fccksfee verloste weitere sechs tolle Preise, darunter eine Sporttasche und drei Spielesammlungen.<\/p>\n<p><img loading=\"lazy\" decoding=\"async\" class=\"alignnone size-full wp-image-11973\" title=\"web_VR-Talentiade-28.04\" src=\"http:\/\/w-jugend.tsv-birkenau.de\/wp-content\/upload\/web_VR-Talentiade-28.041.jpg\" alt=\"\" width=\"400\" height=\"267\" srcset=\"https:\/\/damenhandball.tsv-birkenau.de\/wp-content\/upload\/web_VR-Talentiade-28.041.jpg 400w, https:\/\/damenhandball.tsv-birkenau.de\/wp-content\/upload\/web_VR-Talentiade-28.041-300x200.jpg 300w\" sizes=\"auto, (max-width: 400px) 100vw, 400px\" \/><\/p>\n<p>Die zw\u00f6lf besten Sportler des jeweiligen Sportverbandes werden in das VR-Talent-Team berufen. Das Team darf die gro\u00dfe Welt des Sports beim Training mit Stars oder bei einem internationalen Sportevent kennenlernen und wird anschlie\u00dfend in ein Betreuungskonzept eingebunden.<\/p>\n<p>Die leuchtenden Kinderaugen lie\u00dfen nach dem Ende auf eine gelungene Veranstaltung schlie\u00dfen, an der wieder zahlreiche Helfer und arbeits- und spendenwillige Helfer dankenswerterweise mitgewirkt haben!<\/p>\n<p><a href=\"https:\/\/www.facebook.com\/media\/set\/?set=a.10150714126886935.402092.318985801934&amp;type=3\" target=\"_blank\">Weitere Fotos auf Facebook<\/a>.<\/p>\n<p><em>(Fotos: Armin Etzel)<\/em><\/p>\n","protected":false},"excerpt":{"rendered":"<p>Beim \u201aVR-Tag des Talents\u2019 am 29.04.2012 durften M\u00e4dchen und Jungen der Jahrg\u00e4nge 2001 und j\u00fcnger zeigen, was in ihnen steckt.<\/p>\n","protected":false},"author":10,"featured_media":0,"comment_status":"open","ping_status":"closed","sticky":false,"template":"","format":"standard","meta":{"neve_meta_sidebar":"","neve_meta_container":"","neve_meta_enable_content_width":"","neve_meta_content_width":0,"neve_meta_title_alignment":"","neve_meta_author_avatar":"","neve_post_elements_order":"","neve_meta_disable_header":"","neve_meta_disable_footer":"","neve_meta_disable_title":"","ngg_post_thumbnail":0,"footnotes":""},"categories":[1],"tags":[],"class_list":["post-11951","post","type-post","status-publish","format-standard","hentry","category-allgemein"],"_links":{"self":[{"href":"https:\/\/damenhandball.tsv-birkenau.de\/index.php\/wp-json\/wp\/v2\/posts\/11951","targetHints":{"allow":["GET"]}}],"collection":[{"href":"https:\/\/damenhandball.tsv-birkenau.de\/index.php\/wp-json\/wp\/v2\/posts"}],"about":[{"href":"https:\/\/damenhandball.tsv-birkenau.de\/index.php\/wp-json\/wp\/v2\/types\/post"}],"author":[{"embeddable":true,"href":"https:\/\/damenhandball.tsv-birkenau.de\/index.php\/wp-json\/wp\/v2\/users\/10"}],"replies":[{"embeddable":true,"href":"https:\/\/damenhandball.tsv-birkenau.de\/index.php\/wp-json\/wp\/v2\/comments?post=11951"}],"version-history":[{"count":5,"href":"https:\/\/damenhandball.tsv-birkenau.de\/index.php\/wp-json\/wp\/v2\/posts\/11951\/revisions"}],"predecessor-version":[{"id":11963,"href":"https:\/\/damenhandball.tsv-birkenau.de\/index.php\/wp-json\/wp\/v2\/posts\/11951\/revisions\/11963"}],"wp:attachment":[{"href":"https:\/\/damenhandball.tsv-birkenau.de\/index.php\/wp-json\/wp\/v2\/media?parent=11951"}],"wp:term":[{"taxonomy":"category","embeddable":true,"href":"https:\/\/damenhandball.tsv-birkenau.de\/index.php\/wp-json\/wp\/v2\/categories?post=11951"},{"taxonomy":"post_tag","embeddable":true,"href":"https:\/\/damenhandball.tsv-birkenau.de\/index.php\/wp-json\/wp\/v2\/tags?post=11951"}],"curies":[{"name":"wp","href":"https:\/\/api.w.org\/{rel}","templated":true}]}}